{"id":1099,"date":"2025-12-01T10:04:02","date_gmt":"2025-12-01T10:04:02","guid":{"rendered":"https:\/\/oikoumene.be\/?p=1099"},"modified":"2025-12-09T09:37:25","modified_gmt":"2025-12-09T09:37:25","slug":"journee-detude-et-de-rencontre-le-samedi-29-novembre-2025-a-groenhove-diocesaan-dienstenhuis-bosdreef-5-8820-torhout","status":"publish","type":"post","link":"https:\/\/oikoumene.be\/?p=1099&lang=fr","title":{"rendered":"Journ\u00e9e d&#8217;\u00e9tude et de rencontre le samedi 29 novembre 2025 \u00e0 Groenhove Diocesaan Dienstenhuis, Bosdreef 5,  8820 Torhout"},"content":{"rendered":"\n<p><strong>Vivre en couple dans l\u2019amour et la foi<\/strong><\/p>\n\n\n\n<p><strong>Un discernement moral commun, est-il possible dans nos Eglises&nbsp;?<\/strong><\/p>\n\n\n\n<p>Cette ann\u00e9e, nous nous sommes inspir\u00e9s des r\u00e9cents travaux de r\u00e9flexion men\u00e9s dans le cadre du dialogue anglican-catholique sur le th\u00e8me <em>Comment l&#8217;\u00c9glise locale, r\u00e9gionale et universelle discerne le bon enseignement \u00e9thique<\/em>.<\/p>\n\n\n\n<p>\u00c9tant donn\u00e9 que le domaine de l&#8217;\u00e9thique est tr\u00e8s vaste et que nous avons approfondi il y a quelques ann\u00e9es des questions relatives \u00e0 la fin de vie, nous souhaitons maintenant nous concentrer sur la vision des \u00c9glises chr\u00e9tiennes sur le mariage (en lien avec d&#8217;autres formes de relations) et les questions bio\u00e9thiques concernant le d\u00e9but de la vie.<\/p>\n\n\n\n<p>Nous invitons les intervenants \u00e0 pr\u00e9senter les d\u00e9fis et les points de vue int\u00e9ressants qui existent dans leur \u00c9glise \u00e0 ce sujet, mais aussi la mani\u00e8re dont leur \u00c9glise a r\u00e9fl\u00e9chi \u00e0 ces questions dans le cadre du dialogue \u0153cum\u00e9nique avec d&#8217;autres \u00c9glises.<\/p>\n\n\n\n<p>La conf\u00e9rence principale sera donn\u00e9e par Canon Dr. Peter Sedgwick, membre de l\u2019\u00e9quipe de r\u00e9daction du texte \u0153cum\u00e9nique issu du dialogue anglican-catholique (ARCIC III) sur le discernement \u00e9thique.<\/p>\n\n\n\n<p>Les textes des expos\u00e9s seront disponibles le jour m\u00eame en fran\u00e7ais et en n\u00e9erlandais.<\/p>\n\n\n\n<p><\/p>\n\n\n\n<h2 class=\"wp-block-heading\">Programme du jour<\/h2>\n\n\n\n<p>09:30&nbsp;&nbsp; Accueil et caf\u00e9<\/p>\n\n\n\n<p>10:00&nbsp;&nbsp; Pri\u00e8re &nbsp;et Mot de bienvenue par <strong>Mgr. Johan Bonny<\/strong>, \u00e9v\u00eaque r\u00e9f\u00e9rendaire&nbsp;<\/p>\n\n\n\n<p>10:15&nbsp; Aper\u00e7u des principaux \u00e9v\u00e8nements \u0153cum\u00e9niques en 2025<\/p>\n\n\n\n<p><strong>Prof. Peter De Mey<\/strong>, pr\u00e9sident<\/p>\n\n\n\n<p>10:40&nbsp;&nbsp; Contribution principale<\/p>\n\n\n\n<p><strong>Canon Dr. <\/strong><strong>Peter Sedgwick<\/strong>, membre de l&#8217;\u00e9quipe de r\u00e9daction du texte \u0153cum\u00e9nique issu du dialogue anglican-catholique (ARCIC III) sur le discernement \u00e9thique.<\/p>\n\n\n\n<p>11:45&nbsp;&nbsp; Pri\u00e8re de midi &nbsp;<\/p>\n\n\n\n<p>12:30&nbsp;&nbsp; Lunch<\/p>\n\n\n\n<p>14:00&nbsp;&nbsp; Contribution d\u2019autres Eglises chr\u00e9tiennes<\/p>\n\n\n\n<ul class=\"wp-block-list\">\n<li>Eglise Orthodoxe (N): <strong>Mevr. Johanna-Baptista Pelgrims<\/strong>, auteur d\u2019une th\u00e8se sur questions \u00e9thiques, dialogue orthodoxe-anglican \u00e0 la Faculteit Theologie en Religiewetenschappen, KU Leuven.<\/li>\n\n\n\n<li>Eglise Protestante (F): <strong>Mme Laurence Flachon,<\/strong> Pasteure de l&#8217;Eglise protestante de Bruxelles-Mus\u00e9e et membre d\u2019une commission sur des questions \u00e9thiques au sein de l\u2019EPUB.<\/li>\n\n\n\n<li>Eglise Catholique (N), <strong>Prof. Nenad Polgar<\/strong>, th\u00e9ologie morale, sp\u00e9cialis\u00e9 en \u00e9thique sexuelle et familiale \u00e0 la Faculteit Theologie en Religiewetenschappen van de KU Leuven.<\/li>\n<\/ul>\n\n\n\n<p>15:30&nbsp;&nbsp; Pause caf\u00e9<\/p>\n\n\n\n<p>15:40&nbsp;&nbsp; Table ronde avec les orateurs &nbsp;<em><\/em><\/p>\n\n\n\n<p>&nbsp;&nbsp;&nbsp;&nbsp;&nbsp;&nbsp;&nbsp;&nbsp;&nbsp;&nbsp;&nbsp;&nbsp;&nbsp;&nbsp;&nbsp;&nbsp; Mod\u00e9rateur&nbsp;:&nbsp; Prof. P. De Mey&nbsp; 16:15&nbsp;&nbsp; Conclusion<\/p>\n\n\n\n<figure class=\"wp-block-image size-full\"><img loading=\"lazy\" decoding=\"async\" width=\"811\" height=\"608\" src=\"https:\/\/oikoumene.be\/wp-content\/uploads\/2025\/12\/image.png\" alt=\"\" class=\"wp-image-1081\" srcset=\"https:\/\/oikoumene.be\/wp-content\/uploads\/2025\/12\/image.png 811w, https:\/\/oikoumene.be\/wp-content\/uploads\/2025\/12\/image-300x225.png 300w, https:\/\/oikoumene.be\/wp-content\/uploads\/2025\/12\/image-768x576.png 768w, https:\/\/oikoumene.be\/wp-content\/uploads\/2025\/12\/image-600x450.png 600w\" sizes=\"auto, (max-width: 811px) 100vw, 811px\" \/><\/figure>\n\n\n\n<p>De gauche \u00e0 droite: Johanna-Baptista Pelgrims, Laurence Flachon, Peter De Mey, Nenad Polgar, Peter Sedgwick.<\/p>\n\n\n\n<p><\/p>\n","protected":false},"excerpt":{"rendered":"<p>Vivre en couple dans l\u2019amour et la foi Un discernement moral commun, est-il possible dans nos Eglises&nbsp;? Cette ann\u00e9e, nous nous sommes inspir\u00e9s des r\u00e9cents travaux de r\u00e9flexion men\u00e9s dans le cadre du dialogue anglican-catholique sur le th\u00e8me Comment l&#8217;\u00c9glise locale, r\u00e9gionale et universelle discerne le bon enseignement \u00e9thique. \u00c9tant donn\u00e9 que le domaine de [&hellip;]<\/p>\n","protected":false},"author":6,"featured_media":0,"comment_status":"open","ping_status":"closed","sticky":false,"template":"","format":"standard","meta":{"footnotes":""},"categories":[117],"tags":[],"class_list":["post-1099","post","type-post","status-publish","format-standard","hentry","category-29-11-2025-torhout-fr"],"yoast_head":"<!-- This site is optimized with the Yoast SEO plugin v27.4 - https:\/\/yoast.com\/product\/yoast-seo-wordpress\/ -->\n<title>Journ\u00e9e d&#039;\u00e9tude et de rencontre le samedi 29 novembre 2025 \u00e0 Groenhove Diocesaan Dienstenhuis, Bosdreef 5, 8820 Torhout - Oikoumene<\/title>\n<meta name=\"robots\" content=\"index, follow, max-snippet:-1, max-image-preview:large, max-video-preview:-1\" \/>\n<link rel=\"canonical\" href=\"https:\/\/oikoumene.be\/?p=1099&lang=fr\" \/>\n<meta property=\"og:locale\" content=\"nl_BE\" \/>\n<meta property=\"og:type\" content=\"article\" \/>\n<meta property=\"og:title\" content=\"Journ\u00e9e d&#039;\u00e9tude et de rencontre le samedi 29 novembre 2025 \u00e0 Groenhove Diocesaan Dienstenhuis, Bosdreef 5, 8820 Torhout - Oikoumene\" \/>\n<meta property=\"og:description\" content=\"Vivre en couple dans l\u2019amour et la foi Un discernement moral commun, est-il possible dans nos Eglises&nbsp;? Cette ann\u00e9e, nous nous sommes inspir\u00e9s des r\u00e9cents travaux de r\u00e9flexion men\u00e9s dans le cadre du dialogue anglican-catholique sur le th\u00e8me Comment l&#8217;\u00c9glise locale, r\u00e9gionale et universelle discerne le bon enseignement \u00e9thique. \u00c9tant donn\u00e9 que le domaine de [&hellip;]\" \/>\n<meta property=\"og:url\" content=\"https:\/\/oikoumene.be\/?p=1099&amp;lang=fr\" \/>\n<meta property=\"og:site_name\" content=\"Oikoumene\" \/>\n<meta property=\"article:published_time\" content=\"2025-12-01T10:04:02+00:00\" \/>\n<meta property=\"article:modified_time\" content=\"2025-12-09T09:37:25+00:00\" \/>\n<meta property=\"og:image\" content=\"https:\/\/oikoumene.be\/wp-content\/uploads\/2025\/12\/image.png\" \/>\n\t<meta property=\"og:image:width\" content=\"811\" \/>\n\t<meta property=\"og:image:height\" content=\"608\" \/>\n\t<meta property=\"og:image:type\" content=\"image\/png\" \/>\n<meta name=\"author\" content=\"Koen Jacobs\" \/>\n<meta name=\"twitter:card\" content=\"summary_large_image\" \/>\n<meta name=\"twitter:label1\" content=\"Geschreven door\" \/>\n\t<meta name=\"twitter:data1\" content=\"Koen Jacobs\" \/>\n\t<meta name=\"twitter:label2\" content=\"Geschatte leestijd\" \/>\n\t<meta name=\"twitter:data2\" content=\"2 minuten\" \/>\n<script type=\"application\/ld+json\" class=\"yoast-schema-graph\">{\"@context\":\"https:\\\/\\\/schema.org\",\"@graph\":[{\"@type\":\"Article\",\"@id\":\"https:\\\/\\\/oikoumene.be\\\/?p=1099&lang=fr#article\",\"isPartOf\":{\"@id\":\"https:\\\/\\\/oikoumene.be\\\/?p=1099&lang=fr\"},\"author\":{\"name\":\"Koen Jacobs\",\"@id\":\"https:\\\/\\\/oikoumene.be\\\/#\\\/schema\\\/person\\\/703608214e746f50065dcbf9f8d47494\"},\"headline\":\"Journ\u00e9e d&#8217;\u00e9tude et de rencontre le samedi 29 novembre 2025 \u00e0 Groenhove Diocesaan Dienstenhuis, Bosdreef 5, 8820 Torhout\",\"datePublished\":\"2025-12-01T10:04:02+00:00\",\"dateModified\":\"2025-12-09T09:37:25+00:00\",\"mainEntityOfPage\":{\"@id\":\"https:\\\/\\\/oikoumene.be\\\/?p=1099&lang=fr\"},\"wordCount\":455,\"commentCount\":0,\"publisher\":{\"@id\":\"https:\\\/\\\/oikoumene.be\\\/#organization\"},\"image\":{\"@id\":\"https:\\\/\\\/oikoumene.be\\\/?p=1099&lang=fr#primaryimage\"},\"thumbnailUrl\":\"https:\\\/\\\/oikoumene.be\\\/wp-content\\\/uploads\\\/2025\\\/12\\\/image.png\",\"articleSection\":[\"29-11-2025 Torhout\"],\"inLanguage\":\"nl-BE\",\"potentialAction\":[{\"@type\":\"CommentAction\",\"name\":\"Comment\",\"target\":[\"https:\\\/\\\/oikoumene.be\\\/?p=1099&lang=fr#respond\"]}]},{\"@type\":\"WebPage\",\"@id\":\"https:\\\/\\\/oikoumene.be\\\/?p=1099&lang=fr\",\"url\":\"https:\\\/\\\/oikoumene.be\\\/?p=1099&lang=fr\",\"name\":\"Journ\u00e9e d'\u00e9tude et de rencontre le samedi 29 novembre 2025 \u00e0 Groenhove Diocesaan Dienstenhuis, Bosdreef 5, 8820 Torhout - Oikoumene\",\"isPartOf\":{\"@id\":\"https:\\\/\\\/oikoumene.be\\\/#website\"},\"primaryImageOfPage\":{\"@id\":\"https:\\\/\\\/oikoumene.be\\\/?p=1099&lang=fr#primaryimage\"},\"image\":{\"@id\":\"https:\\\/\\\/oikoumene.be\\\/?p=1099&lang=fr#primaryimage\"},\"thumbnailUrl\":\"https:\\\/\\\/oikoumene.be\\\/wp-content\\\/uploads\\\/2025\\\/12\\\/image.png\",\"datePublished\":\"2025-12-01T10:04:02+00:00\",\"dateModified\":\"2025-12-09T09:37:25+00:00\",\"breadcrumb\":{\"@id\":\"https:\\\/\\\/oikoumene.be\\\/?p=1099&lang=fr#breadcrumb\"},\"inLanguage\":\"nl-BE\",\"potentialAction\":[{\"@type\":\"ReadAction\",\"target\":[\"https:\\\/\\\/oikoumene.be\\\/?p=1099&lang=fr\"]}]},{\"@type\":\"ImageObject\",\"inLanguage\":\"nl-BE\",\"@id\":\"https:\\\/\\\/oikoumene.be\\\/?p=1099&lang=fr#primaryimage\",\"url\":\"https:\\\/\\\/oikoumene.be\\\/wp-content\\\/uploads\\\/2025\\\/12\\\/image.png\",\"contentUrl\":\"https:\\\/\\\/oikoumene.be\\\/wp-content\\\/uploads\\\/2025\\\/12\\\/image.png\",\"width\":811,\"height\":608},{\"@type\":\"BreadcrumbList\",\"@id\":\"https:\\\/\\\/oikoumene.be\\\/?p=1099&lang=fr#breadcrumb\",\"itemListElement\":[{\"@type\":\"ListItem\",\"position\":1,\"name\":\"Home\",\"item\":\"https:\\\/\\\/oikoumene.be\\\/\"},{\"@type\":\"ListItem\",\"position\":2,\"name\":\"Journ\u00e9e d&#8217;\u00e9tude et de rencontre le samedi 29 novembre 2025 \u00e0 Groenhove Diocesaan Dienstenhuis, Bosdreef 5, 8820 Torhout\"}]},{\"@type\":\"WebSite\",\"@id\":\"https:\\\/\\\/oikoumene.be\\\/#website\",\"url\":\"https:\\\/\\\/oikoumene.be\\\/\",\"name\":\"Oikoumene\",\"description\":\"\",\"publisher\":{\"@id\":\"https:\\\/\\\/oikoumene.be\\\/#organization\"},\"potentialAction\":[{\"@type\":\"SearchAction\",\"target\":{\"@type\":\"EntryPoint\",\"urlTemplate\":\"https:\\\/\\\/oikoumene.be\\\/?s={search_term_string}\"},\"query-input\":{\"@type\":\"PropertyValueSpecification\",\"valueRequired\":true,\"valueName\":\"search_term_string\"}}],\"inLanguage\":\"nl-BE\"},{\"@type\":\"Organization\",\"@id\":\"https:\\\/\\\/oikoumene.be\\\/#organization\",\"name\":\"Oikoumene\",\"url\":\"https:\\\/\\\/oikoumene.be\\\/\",\"logo\":{\"@type\":\"ImageObject\",\"inLanguage\":\"nl-BE\",\"@id\":\"https:\\\/\\\/oikoumene.be\\\/#\\\/schema\\\/logo\\\/image\\\/\",\"url\":\"https:\\\/\\\/oikoumene.be\\\/wp-content\\\/uploads\\\/2023\\\/11\\\/cropped-logo-1.png\",\"contentUrl\":\"https:\\\/\\\/oikoumene.be\\\/wp-content\\\/uploads\\\/2023\\\/11\\\/cropped-logo-1.png\",\"width\":225,\"height\":225,\"caption\":\"Oikoumene\"},\"image\":{\"@id\":\"https:\\\/\\\/oikoumene.be\\\/#\\\/schema\\\/logo\\\/image\\\/\"}},{\"@type\":\"Person\",\"@id\":\"https:\\\/\\\/oikoumene.be\\\/#\\\/schema\\\/person\\\/703608214e746f50065dcbf9f8d47494\",\"name\":\"Koen Jacobs\",\"image\":{\"@type\":\"ImageObject\",\"inLanguage\":\"nl-BE\",\"@id\":\"https:\\\/\\\/secure.gravatar.com\\\/avatar\\\/eab27c9c93b8a9731d7720bdf5352910b8616b1f048d692772d474596ac73ca0?s=96&d=mm&r=g\",\"url\":\"https:\\\/\\\/secure.gravatar.com\\\/avatar\\\/eab27c9c93b8a9731d7720bdf5352910b8616b1f048d692772d474596ac73ca0?s=96&d=mm&r=g\",\"contentUrl\":\"https:\\\/\\\/secure.gravatar.com\\\/avatar\\\/eab27c9c93b8a9731d7720bdf5352910b8616b1f048d692772d474596ac73ca0?s=96&d=mm&r=g\",\"caption\":\"Koen Jacobs\"},\"url\":\"https:\\\/\\\/oikoumene.be\\\/?author=6\"}]}<\/script>\n<!-- \/ Yoast SEO plugin. -->","yoast_head_json":{"title":"Journ\u00e9e d'\u00e9tude et de rencontre le samedi 29 novembre 2025 \u00e0 Groenhove Diocesaan Dienstenhuis, Bosdreef 5, 8820 Torhout - Oikoumene","robots":{"index":"index","follow":"follow","max-snippet":"max-snippet:-1","max-image-preview":"max-image-preview:large","max-video-preview":"max-video-preview:-1"},"canonical":"https:\/\/oikoumene.be\/?p=1099&lang=fr","og_locale":"nl_BE","og_type":"article","og_title":"Journ\u00e9e d'\u00e9tude et de rencontre le samedi 29 novembre 2025 \u00e0 Groenhove Diocesaan Dienstenhuis, Bosdreef 5, 8820 Torhout - Oikoumene","og_description":"Vivre en couple dans l\u2019amour et la foi Un discernement moral commun, est-il possible dans nos Eglises&nbsp;? Cette ann\u00e9e, nous nous sommes inspir\u00e9s des r\u00e9cents travaux de r\u00e9flexion men\u00e9s dans le cadre du dialogue anglican-catholique sur le th\u00e8me Comment l&#8217;\u00c9glise locale, r\u00e9gionale et universelle discerne le bon enseignement \u00e9thique. \u00c9tant donn\u00e9 que le domaine de [&hellip;]","og_url":"https:\/\/oikoumene.be\/?p=1099&lang=fr","og_site_name":"Oikoumene","article_published_time":"2025-12-01T10:04:02+00:00","article_modified_time":"2025-12-09T09:37:25+00:00","og_image":[{"width":811,"height":608,"url":"https:\/\/oikoumene.be\/wp-content\/uploads\/2025\/12\/image.png","type":"image\/png"}],"author":"Koen Jacobs","twitter_card":"summary_large_image","twitter_misc":{"Geschreven door":"Koen Jacobs","Geschatte leestijd":"2 minuten"},"schema":{"@context":"https:\/\/schema.org","@graph":[{"@type":"Article","@id":"https:\/\/oikoumene.be\/?p=1099&lang=fr#article","isPartOf":{"@id":"https:\/\/oikoumene.be\/?p=1099&lang=fr"},"author":{"name":"Koen Jacobs","@id":"https:\/\/oikoumene.be\/#\/schema\/person\/703608214e746f50065dcbf9f8d47494"},"headline":"Journ\u00e9e d&#8217;\u00e9tude et de rencontre le samedi 29 novembre 2025 \u00e0 Groenhove Diocesaan Dienstenhuis, Bosdreef 5, 8820 Torhout","datePublished":"2025-12-01T10:04:02+00:00","dateModified":"2025-12-09T09:37:25+00:00","mainEntityOfPage":{"@id":"https:\/\/oikoumene.be\/?p=1099&lang=fr"},"wordCount":455,"commentCount":0,"publisher":{"@id":"https:\/\/oikoumene.be\/#organization"},"image":{"@id":"https:\/\/oikoumene.be\/?p=1099&lang=fr#primaryimage"},"thumbnailUrl":"https:\/\/oikoumene.be\/wp-content\/uploads\/2025\/12\/image.png","articleSection":["29-11-2025 Torhout"],"inLanguage":"nl-BE","potentialAction":[{"@type":"CommentAction","name":"Comment","target":["https:\/\/oikoumene.be\/?p=1099&lang=fr#respond"]}]},{"@type":"WebPage","@id":"https:\/\/oikoumene.be\/?p=1099&lang=fr","url":"https:\/\/oikoumene.be\/?p=1099&lang=fr","name":"Journ\u00e9e d'\u00e9tude et de rencontre le samedi 29 novembre 2025 \u00e0 Groenhove Diocesaan Dienstenhuis, Bosdreef 5, 8820 Torhout - Oikoumene","isPartOf":{"@id":"https:\/\/oikoumene.be\/#website"},"primaryImageOfPage":{"@id":"https:\/\/oikoumene.be\/?p=1099&lang=fr#primaryimage"},"image":{"@id":"https:\/\/oikoumene.be\/?p=1099&lang=fr#primaryimage"},"thumbnailUrl":"https:\/\/oikoumene.be\/wp-content\/uploads\/2025\/12\/image.png","datePublished":"2025-12-01T10:04:02+00:00","dateModified":"2025-12-09T09:37:25+00:00","breadcrumb":{"@id":"https:\/\/oikoumene.be\/?p=1099&lang=fr#breadcrumb"},"inLanguage":"nl-BE","potentialAction":[{"@type":"ReadAction","target":["https:\/\/oikoumene.be\/?p=1099&lang=fr"]}]},{"@type":"ImageObject","inLanguage":"nl-BE","@id":"https:\/\/oikoumene.be\/?p=1099&lang=fr#primaryimage","url":"https:\/\/oikoumene.be\/wp-content\/uploads\/2025\/12\/image.png","contentUrl":"https:\/\/oikoumene.be\/wp-content\/uploads\/2025\/12\/image.png","width":811,"height":608},{"@type":"BreadcrumbList","@id":"https:\/\/oikoumene.be\/?p=1099&lang=fr#breadcrumb","itemListElement":[{"@type":"ListItem","position":1,"name":"Home","item":"https:\/\/oikoumene.be\/"},{"@type":"ListItem","position":2,"name":"Journ\u00e9e d&#8217;\u00e9tude et de rencontre le samedi 29 novembre 2025 \u00e0 Groenhove Diocesaan Dienstenhuis, Bosdreef 5, 8820 Torhout"}]},{"@type":"WebSite","@id":"https:\/\/oikoumene.be\/#website","url":"https:\/\/oikoumene.be\/","name":"Oikoumene","description":"","publisher":{"@id":"https:\/\/oikoumene.be\/#organization"},"potentialAction":[{"@type":"SearchAction","target":{"@type":"EntryPoint","urlTemplate":"https:\/\/oikoumene.be\/?s={search_term_string}"},"query-input":{"@type":"PropertyValueSpecification","valueRequired":true,"valueName":"search_term_string"}}],"inLanguage":"nl-BE"},{"@type":"Organization","@id":"https:\/\/oikoumene.be\/#organization","name":"Oikoumene","url":"https:\/\/oikoumene.be\/","logo":{"@type":"ImageObject","inLanguage":"nl-BE","@id":"https:\/\/oikoumene.be\/#\/schema\/logo\/image\/","url":"https:\/\/oikoumene.be\/wp-content\/uploads\/2023\/11\/cropped-logo-1.png","contentUrl":"https:\/\/oikoumene.be\/wp-content\/uploads\/2023\/11\/cropped-logo-1.png","width":225,"height":225,"caption":"Oikoumene"},"image":{"@id":"https:\/\/oikoumene.be\/#\/schema\/logo\/image\/"}},{"@type":"Person","@id":"https:\/\/oikoumene.be\/#\/schema\/person\/703608214e746f50065dcbf9f8d47494","name":"Koen Jacobs","image":{"@type":"ImageObject","inLanguage":"nl-BE","@id":"https:\/\/secure.gravatar.com\/avatar\/eab27c9c93b8a9731d7720bdf5352910b8616b1f048d692772d474596ac73ca0?s=96&d=mm&r=g","url":"https:\/\/secure.gravatar.com\/avatar\/eab27c9c93b8a9731d7720bdf5352910b8616b1f048d692772d474596ac73ca0?s=96&d=mm&r=g","contentUrl":"https:\/\/secure.gravatar.com\/avatar\/eab27c9c93b8a9731d7720bdf5352910b8616b1f048d692772d474596ac73ca0?s=96&d=mm&r=g","caption":"Koen Jacobs"},"url":"https:\/\/oikoumene.be\/?author=6"}]}},"_links":{"self":[{"href":"https:\/\/oikoumene.be\/index.php?rest_route=\/wp\/v2\/posts\/1099","targetHints":{"allow":["GET"]}}],"collection":[{"href":"https:\/\/oikoumene.be\/index.php?rest_route=\/wp\/v2\/posts"}],"about":[{"href":"https:\/\/oikoumene.be\/index.php?rest_route=\/wp\/v2\/types\/post"}],"author":[{"embeddable":true,"href":"https:\/\/oikoumene.be\/index.php?rest_route=\/wp\/v2\/users\/6"}],"replies":[{"embeddable":true,"href":"https:\/\/oikoumene.be\/index.php?rest_route=%2Fwp%2Fv2%2Fcomments&post=1099"}],"version-history":[{"count":2,"href":"https:\/\/oikoumene.be\/index.php?rest_route=\/wp\/v2\/posts\/1099\/revisions"}],"predecessor-version":[{"id":1107,"href":"https:\/\/oikoumene.be\/index.php?rest_route=\/wp\/v2\/posts\/1099\/revisions\/1107"}],"wp:attachment":[{"href":"https:\/\/oikoumene.be\/index.php?rest_route=%2Fwp%2Fv2%2Fmedia&parent=1099"}],"wp:term":[{"taxonomy":"category","embeddable":true,"href":"https:\/\/oikoumene.be\/index.php?rest_route=%2Fwp%2Fv2%2Fcategories&post=1099"},{"taxonomy":"post_tag","embeddable":true,"href":"https:\/\/oikoumene.be\/index.php?rest_route=%2Fwp%2Fv2%2Ftags&post=1099"}],"curies":[{"name":"wp","href":"https:\/\/api.w.org\/{rel}","templated":true}]}}