{"id":410,"date":"2022-10-13T10:35:55","date_gmt":"2022-10-13T08:35:55","guid":{"rendered":"https:\/\/oikoumene.be\/?p=410"},"modified":"2023-11-12T14:49:13","modified_gmt":"2023-11-12T14:49:13","slug":"invitation","status":"publish","type":"post","link":"https:\/\/oikoumene.be\/?p=410&lang=fr","title":{"rendered":"Oecum\u00e9nisme : confusion des langues de Babel ou richesse de l&#8217;\u00e9v\u00e8nement pent\u00e9costal?"},"content":{"rendered":"\n<p>Samedi 26 novembre 2022 au S\u00e9minaire \u00e9piscopal de Li\u00e8ge<\/p>\n\n\n\n<figure class=\"wp-block-image size-large is-resized\"><img loading=\"lazy\" decoding=\"async\" src=\"https:\/\/oikoumene.be\/wp-content\/uploads\/2022\/10\/accueil-du-Vicaire-general-de-Liege-en-labsence-des-episcopes-encore-restes-a-Rome-en-fin-de-visite-ad-limina-26-11-2022-768x1024.jpg\" alt=\"\" class=\"wp-image-510\" width=\"271\" height=\"361\"\/><figcaption class=\"wp-element-caption\">Accueil du Vicaire g\u00e9n\u00e9ral Eric de Beukelaer &#8211; les \u00e9v\u00eaques sont \u00e0 Rome pour leur visite Ad Limina<\/figcaption><\/figure>\n\n\n\n<p><\/p>\n\n\n\n<div data-wp-interactive=\"core\/file\" class=\"wp-block-file\"><object data-wp-bind--hidden=\"!state.hasPdfPreview\" hidden class=\"wp-block-file__embed\" data=\"https:\/\/oikoumene.be\/wp-content\/uploads\/2022\/11\/2022-Ordre-du-jour-dagorde.pdf\" type=\"application\/pdf\" style=\"width:100%;height:600px\" aria-label=\"Insluiting van 2022-Ordre-du-jour-dagorde.\"><\/object><a id=\"wp-block-file--media-e88b5248-6b79-48b2-b2bd-8340b28212aa\" href=\"https:\/\/oikoumene.be\/wp-content\/uploads\/2022\/11\/2022-Ordre-du-jour-dagorde.pdf\">2022-Ordre-du-jour-dagorde<\/a><a href=\"https:\/\/oikoumene.be\/wp-content\/uploads\/2022\/11\/2022-Ordre-du-jour-dagorde.pdf\" class=\"wp-block-file__button wp-element-button\" download aria-describedby=\"wp-block-file--media-e88b5248-6b79-48b2-b2bd-8340b28212aa\">Download<\/a><\/div>\n\n\n\n<figure class=\"wp-block-image size-full\"><img decoding=\"async\" src=\"https:\/\/oikoumene.be\/wp-content\/uploads\/2022\/10\/Peter-De-Mey-Etienne-Quintiens-Luc-Mahiels.jpg\" alt=\"\" class=\"wp-image-569\"\/><figcaption class=\"wp-element-caption\">Professeur Peter De Mey, Mgr. Etienne Quintiens et diacre Luc Mahiels, responsable de la Commission dioc\u00e9saine de Li\u00e8ge pour l&#8217;Oecum\u00e9nisme<\/figcaption><\/figure>\n\n\n\n<p><\/p>\n\n\n\n<div data-wp-interactive=\"core\/file\" class=\"wp-block-file\"><object data-wp-bind--hidden=\"!state.hasPdfPreview\" hidden class=\"wp-block-file__embed\" data=\"https:\/\/oikoumene.be\/wp-content\/uploads\/2022\/11\/00-Priere-Gebed-1.pdf\" type=\"application\/pdf\" style=\"width:100%;height:600px\" aria-label=\"Insluiting van 00-Priere-Gebed-1.\"><\/object><a id=\"wp-block-file--media-9ef85c40-1ef9-41c4-8a1b-1e0b608a9484\" href=\"https:\/\/oikoumene.be\/wp-content\/uploads\/2022\/11\/00-Priere-Gebed-1.pdf\">00-Priere-Gebed-1<\/a><a href=\"https:\/\/oikoumene.be\/wp-content\/uploads\/2022\/11\/00-Priere-Gebed-1.pdf\" class=\"wp-block-file__button wp-element-button\" download aria-describedby=\"wp-block-file--media-9ef85c40-1ef9-41c4-8a1b-1e0b608a9484\">Download<\/a><\/div>\n\n\n\n<figure class=\"wp-block-image size-large is-resized\"><img loading=\"lazy\" decoding=\"async\" src=\"https:\/\/oikoumene.be\/wp-content\/uploads\/2022\/11\/President-du-bureau-de-la-CNO-Peter-Demey-Liege-26-11-2022-2-768x1024.jpg\" alt=\"\" class=\"wp-image-573\" width=\"243\" height=\"324\"\/><figcaption class=\"wp-element-caption\">Professeur Peter De Mey<\/figcaption><\/figure>\n\n\n\n<div data-wp-interactive=\"core\/file\" class=\"wp-block-file\"><object data-wp-bind--hidden=\"!state.hasPdfPreview\" hidden class=\"wp-block-file__embed\" data=\"https:\/\/oikoumene.be\/wp-content\/uploads\/2022\/11\/0-Apercu-Peter-De-Mey.pdf\" type=\"application\/pdf\" style=\"width:100%;height:600px\" aria-label=\"Insluiting van 0-Apercu-Peter-De-Mey.\"><\/object><a id=\"wp-block-file--media-4cb07e9f-d32e-400a-8893-451ca33a261c\" href=\"https:\/\/oikoumene.be\/wp-content\/uploads\/2022\/11\/0-Apercu-Peter-De-Mey.pdf\">0-Apercu-Peter-De-Mey<\/a><a href=\"https:\/\/oikoumene.be\/wp-content\/uploads\/2022\/11\/0-Apercu-Peter-De-Mey.pdf\" class=\"wp-block-file__button wp-element-button\" download aria-describedby=\"wp-block-file--media-4cb07e9f-d32e-400a-8893-451ca33a261c\">Download<\/a><\/div>\n\n\n\n<figure class=\"wp-block-image size-full is-resized\"><img loading=\"lazy\" decoding=\"async\" src=\"https:\/\/oikoumene.be\/wp-content\/uploads\/2022\/10\/Jane-Stranz.jpeg\" alt=\"Pasteure Jane Stranz\" class=\"wp-image-566\" width=\"265\" height=\"354\"\/><figcaption class=\"wp-element-caption\">Pasteure Jane Stranz<\/figcaption><\/figure>\n\n\n\n<div data-wp-interactive=\"core\/file\" class=\"wp-block-file\"><object data-wp-bind--hidden=\"!state.hasPdfPreview\" hidden class=\"wp-block-file__embed\" data=\"https:\/\/oikoumene.be\/wp-content\/uploads\/2022\/11\/1a-Jane-Stranz-protestante-FR-1.pdf\" type=\"application\/pdf\" style=\"width:100%;height:600px\" aria-label=\"Insluiting van 1a-Jane-Stranz-protestante-FR-1.\"><\/object><a id=\"wp-block-file--media-fd227571-89e9-49c1-8bdc-791c2eb0dadd\" href=\"https:\/\/oikoumene.be\/wp-content\/uploads\/2022\/11\/1a-Jane-Stranz-protestante-FR-1.pdf\">1a-Jane-Stranz-protestante-FR-1<\/a><a href=\"https:\/\/oikoumene.be\/wp-content\/uploads\/2022\/11\/1a-Jane-Stranz-protestante-FR-1.pdf\" class=\"wp-block-file__button wp-element-button\" download aria-describedby=\"wp-block-file--media-fd227571-89e9-49c1-8bdc-791c2eb0dadd\">Download<\/a><\/div>\n\n\n\n<figure class=\"wp-block-image size-full is-resized\"><img loading=\"lazy\" decoding=\"async\" src=\"https:\/\/oikoumene.be\/wp-content\/uploads\/2022\/10\/Meurig-Williams.jpeg\" alt=\"\" class=\"wp-image-567\" width=\"291\" height=\"293\"\/><figcaption class=\"wp-element-caption\">Father Meurig Williams<\/figcaption><\/figure>\n\n\n\n<p><\/p>\n\n\n\n<div data-wp-interactive=\"core\/file\" class=\"wp-block-file\"><object data-wp-bind--hidden=\"!state.hasPdfPreview\" hidden class=\"wp-block-file__embed\" data=\"https:\/\/oikoumene.be\/wp-content\/uploads\/2022\/11\/2b-Meurig-Williams-anglican-FR.pdf\" type=\"application\/pdf\" style=\"width:100%;height:600px\" aria-label=\"Insluiting van 2b-Meurig-Williams-anglican-FR.\"><\/object><a id=\"wp-block-file--media-25d11318-4bb3-4e90-a13f-a65024f22699\" href=\"https:\/\/oikoumene.be\/wp-content\/uploads\/2022\/11\/2b-Meurig-Williams-anglican-FR.pdf\">2b-Meurig-Williams-anglican-FR<\/a><a href=\"https:\/\/oikoumene.be\/wp-content\/uploads\/2022\/11\/2b-Meurig-Williams-anglican-FR.pdf\" class=\"wp-block-file__button wp-element-button\" download aria-describedby=\"wp-block-file--media-25d11318-4bb3-4e90-a13f-a65024f22699\">Download<\/a><\/div>\n\n\n\n<p><\/p>\n\n\n\n<figure class=\"wp-block-image size-large is-resized\"><img loading=\"lazy\" decoding=\"async\" src=\"https:\/\/oikoumene.be\/wp-content\/uploads\/2022\/10\/Henk-LARIDON-768x1024.jpg\" alt=\"\" class=\"wp-image-565\" width=\"293\" height=\"391\"\/><figcaption class=\"wp-element-caption\">Doyen Henk Laridon<\/figcaption><\/figure>\n\n\n\n<p><\/p>\n\n\n\n<p><\/p>\n\n\n\n<div data-wp-interactive=\"core\/file\" class=\"wp-block-file\"><object data-wp-bind--hidden=\"!state.hasPdfPreview\" hidden class=\"wp-block-file__embed\" data=\"https:\/\/oikoumene.be\/wp-content\/uploads\/2022\/11\/3b-Henk-Laridon-Catholique.pdf\" type=\"application\/pdf\" style=\"width:100%;height:600px\" aria-label=\"Insluiting van 3b-Henk-Laridon-Catholique.\"><\/object><a id=\"wp-block-file--media-a51fa9fe-e524-4b8c-b329-7035973fc05b\" href=\"https:\/\/oikoumene.be\/wp-content\/uploads\/2022\/11\/3b-Henk-Laridon-Catholique.pdf\">3b-Henk-Laridon-Catholique<\/a><a href=\"https:\/\/oikoumene.be\/wp-content\/uploads\/2022\/11\/3b-Henk-Laridon-Catholique.pdf\" class=\"wp-block-file__button wp-element-button\" download aria-describedby=\"wp-block-file--media-a51fa9fe-e524-4b8c-b329-7035973fc05b\">Download<\/a><\/div>\n\n\n\n<figure class=\"wp-block-image size-full is-resized\"><img loading=\"lazy\" decoding=\"async\" src=\"https:\/\/oikoumene.be\/wp-content\/uploads\/2022\/10\/Pere-Theodore-De-Poel.jpg\" alt=\"\" class=\"wp-image-568\" width=\"332\" height=\"253\"\/><figcaption class=\"wp-element-caption\">P\u00e8re Th\u00e9oldore De Poel, moine de Chevetogne, pr\u00e9sente la contribution de Mme Pekridou qui n&#8217;a pas pu \u00eatre pr\u00e9sente<\/figcaption><\/figure>\n\n\n\n<p><\/p>\n\n\n\n<div data-wp-interactive=\"core\/file\" class=\"wp-block-file\"><object data-wp-bind--hidden=\"!state.hasPdfPreview\" hidden class=\"wp-block-file__embed\" data=\"https:\/\/oikoumene.be\/wp-content\/uploads\/2022\/11\/4a-Katerina-Pekridou-orthodoxe-FR.pdf\" type=\"application\/pdf\" style=\"width:100%;height:600px\" aria-label=\"Insluiting van 4a-Katerina-Pekridou-orthodoxe-FR.\"><\/object><a id=\"wp-block-file--media-04ab3ecf-0859-480f-b0f7-7def89e6f867\" href=\"https:\/\/oikoumene.be\/wp-content\/uploads\/2022\/11\/4a-Katerina-Pekridou-orthodoxe-FR.pdf\">4a-Katerina-Pekridou-orthodoxe-FR<\/a><a href=\"https:\/\/oikoumene.be\/wp-content\/uploads\/2022\/11\/4a-Katerina-Pekridou-orthodoxe-FR.pdf\" class=\"wp-block-file__button wp-element-button\" download aria-describedby=\"wp-block-file--media-04ab3ecf-0859-480f-b0f7-7def89e6f867\">Download<\/a><\/div>\n\n\n\n<figure class=\"wp-block-image size-large is-resized\"><img loading=\"lazy\" decoding=\"async\" src=\"https:\/\/oikoumene.be\/wp-content\/uploads\/2022\/10\/Dieter-Van-Belle-1024x768.jpeg\" alt=\"\" class=\"wp-image-564\" width=\"367\" height=\"275\"\/><figcaption class=\"wp-element-caption\">Monsieur Dieter Van Belle, commission oecum\u00e9nique du dioc\u00e8se de Gand<\/figcaption><\/figure>\n\n\n\n<div data-wp-interactive=\"core\/file\" class=\"wp-block-file\"><object data-wp-bind--hidden=\"!state.hasPdfPreview\" hidden class=\"wp-block-file__embed\" data=\"https:\/\/oikoumene.be\/wp-content\/uploads\/2022\/11\/5b-Dieter-Van-Belle-F.pdf\" type=\"application\/pdf\" style=\"width:100%;height:600px\" aria-label=\"Insluiting van 5b-Dieter-Van-Belle-F.\"><\/object><a id=\"wp-block-file--media-f23369c4-bbbe-44ec-b4d1-c9414f3e6af4\" href=\"https:\/\/oikoumene.be\/wp-content\/uploads\/2022\/11\/5b-Dieter-Van-Belle-F.pdf\">5b-Dieter-Van-Belle-F<\/a><a href=\"https:\/\/oikoumene.be\/wp-content\/uploads\/2022\/11\/5b-Dieter-Van-Belle-F.pdf\" class=\"wp-block-file__button wp-element-button\" download aria-describedby=\"wp-block-file--media-f23369c4-bbbe-44ec-b4d1-c9414f3e6af4\">Download<\/a><\/div>\n\n\n\n<p class=\"has-vivid-red-color has-text-color\">Pri\u00e8re de midi \u00e0 la cath\u00e9drale de Li\u00e8ge<\/p>\n\n\n\n<figure class=\"wp-block-image size-full is-resized\"><img loading=\"lazy\" decoding=\"async\" src=\"https:\/\/oikoumene.be\/wp-content\/uploads\/2022\/10\/Priere-a-la-Cathedrale-pere-Gabriel-Fikri.jpg\" alt=\"\" class=\"wp-image-570\" width=\"262\" height=\"349\"\/><figcaption class=\"wp-element-caption\">P\u00e8re Gabriel Fikri, Eglise syriaque orthodoxe<\/figcaption><\/figure>\n\n\n\n<figure class=\"wp-block-image size-full is-resized\"><img loading=\"lazy\" decoding=\"async\" src=\"https:\/\/oikoumene.be\/wp-content\/uploads\/2022\/10\/Priere-a-la-Cathedrale-pere.jpg\" alt=\"\" class=\"wp-image-571\" width=\"268\" height=\"357\"\/><figcaption class=\"wp-element-caption\">P\u00e8re Nikolaos Palamianakis, Eglise orthodoxe Grecque<\/figcaption><\/figure>\n\n\n\n<figure class=\"wp-block-image size-full is-resized\"><img loading=\"lazy\" decoding=\"async\" src=\"https:\/\/oikoumene.be\/wp-content\/uploads\/2022\/10\/Priere-Mgr.-Etienne-Quintiens.jpg\" alt=\"\" class=\"wp-image-572\" width=\"278\" height=\"370\"\/><figcaption class=\"wp-element-caption\">Monseigneur Etienne Quintiens, Eglise catholique romaine<\/figcaption><\/figure>\n\n\n\n<p><\/p>\n","protected":false},"excerpt":{"rendered":"<p>Samedi 26 novembre 2022 au S\u00e9minaire \u00e9piscopal de Li\u00e8ge Pri\u00e8re de midi \u00e0 la cath\u00e9drale de Li\u00e8ge<\/p>\n","protected":false},"author":3,"featured_media":0,"comment_status":"closed","ping_status":"closed","sticky":false,"template":"","format":"image","meta":{"footnotes":""},"categories":[75,73],"tags":[],"class_list":["post-410","post","type-post","status-publish","format-image","hentry","category-26-11-2022-liege-fr","category-journee-detude-et-de-rencontre-fr","post_format-post-format-image"],"yoast_head":"<!-- This site is optimized with the Yoast SEO plugin v27.4 - https:\/\/yoast.com\/product\/yoast-seo-wordpress\/ -->\n<title>Oecum\u00e9nisme : confusion des langues de Babel ou richesse de l&#039;\u00e9v\u00e8nement pent\u00e9costal? - Oikoumene<\/title>\n<meta name=\"robots\" content=\"index, follow, max-snippet:-1, max-image-preview:large, max-video-preview:-1\" \/>\n<link rel=\"canonical\" href=\"https:\/\/oikoumene.be\/?p=410&lang=fr\" \/>\n<meta property=\"og:locale\" content=\"nl_BE\" \/>\n<meta property=\"og:type\" content=\"article\" \/>\n<meta property=\"og:title\" content=\"Oecum\u00e9nisme : confusion des langues de Babel ou richesse de l&#039;\u00e9v\u00e8nement pent\u00e9costal? - Oikoumene\" \/>\n<meta property=\"og:description\" content=\"Samedi 26 novembre 2022 au S\u00e9minaire \u00e9piscopal de Li\u00e8ge Pri\u00e8re de midi \u00e0 la cath\u00e9drale de Li\u00e8ge\" \/>\n<meta property=\"og:url\" content=\"https:\/\/oikoumene.be\/?p=410&amp;lang=fr\" \/>\n<meta property=\"og:site_name\" content=\"Oikoumene\" \/>\n<meta property=\"article:published_time\" content=\"2022-10-13T08:35:55+00:00\" \/>\n<meta property=\"article:modified_time\" content=\"2023-11-12T14:49:13+00:00\" \/>\n<meta property=\"og:image\" content=\"https:\/\/oikoumene.be\/wp-content\/uploads\/2022\/10\/accueil-du-Vicaire-general-de-Liege-en-labsence-des-episcopes-encore-restes-a-Rome-en-fin-de-visite-ad-limina-26-11-2022-768x1024.jpg\" \/>\n<meta name=\"author\" content=\"Lieve Truyen\" \/>\n<meta name=\"twitter:card\" content=\"summary_large_image\" \/>\n<meta name=\"twitter:creator\" content=\"@admin_oikou\" \/>\n<meta name=\"twitter:label1\" content=\"Geschreven door\" \/>\n\t<meta name=\"twitter:data1\" content=\"Lieve Truyen\" \/>\n\t<meta name=\"twitter:label2\" content=\"Geschatte leestijd\" \/>\n\t<meta name=\"twitter:data2\" content=\"1 minuut\" \/>\n<script type=\"application\/ld+json\" class=\"yoast-schema-graph\">{\"@context\":\"https:\\\/\\\/schema.org\",\"@graph\":[{\"@type\":\"Article\",\"@id\":\"https:\\\/\\\/oikoumene.be\\\/?p=410&lang=fr#article\",\"isPartOf\":{\"@id\":\"https:\\\/\\\/oikoumene.be\\\/?p=410&lang=fr\"},\"author\":{\"name\":\"Lieve Truyen\",\"@id\":\"https:\\\/\\\/oikoumene.be\\\/#\\\/schema\\\/person\\\/3ca6cd4ac567064b859b87d69fbd6abc\"},\"headline\":\"Oecum\u00e9nisme : confusion des langues de Babel ou richesse de l&#8217;\u00e9v\u00e8nement pent\u00e9costal?\",\"datePublished\":\"2022-10-13T08:35:55+00:00\",\"dateModified\":\"2023-11-12T14:49:13+00:00\",\"mainEntityOfPage\":{\"@id\":\"https:\\\/\\\/oikoumene.be\\\/?p=410&lang=fr\"},\"wordCount\":161,\"publisher\":{\"@id\":\"https:\\\/\\\/oikoumene.be\\\/#organization\"},\"image\":{\"@id\":\"https:\\\/\\\/oikoumene.be\\\/?p=410&lang=fr#primaryimage\"},\"thumbnailUrl\":\"https:\\\/\\\/oikoumene.be\\\/wp-content\\\/uploads\\\/2022\\\/10\\\/accueil-du-Vicaire-general-de-Liege-en-labsence-des-episcopes-encore-restes-a-Rome-en-fin-de-visite-ad-limina-26-11-2022-768x1024.jpg\",\"articleSection\":[\"26-11-2022 - Li\u00e8ge\",\"Journ\u00e9e d'\u00e9tude et de rencontre\"],\"inLanguage\":\"nl-BE\"},{\"@type\":\"WebPage\",\"@id\":\"https:\\\/\\\/oikoumene.be\\\/?p=410&lang=fr\",\"url\":\"https:\\\/\\\/oikoumene.be\\\/?p=410&lang=fr\",\"name\":\"Oecum\u00e9nisme : confusion des langues de Babel ou richesse de l'\u00e9v\u00e8nement pent\u00e9costal? - Oikoumene\",\"isPartOf\":{\"@id\":\"https:\\\/\\\/oikoumene.be\\\/#website\"},\"primaryImageOfPage\":{\"@id\":\"https:\\\/\\\/oikoumene.be\\\/?p=410&lang=fr#primaryimage\"},\"image\":{\"@id\":\"https:\\\/\\\/oikoumene.be\\\/?p=410&lang=fr#primaryimage\"},\"thumbnailUrl\":\"https:\\\/\\\/oikoumene.be\\\/wp-content\\\/uploads\\\/2022\\\/10\\\/accueil-du-Vicaire-general-de-Liege-en-labsence-des-episcopes-encore-restes-a-Rome-en-fin-de-visite-ad-limina-26-11-2022-768x1024.jpg\",\"datePublished\":\"2022-10-13T08:35:55+00:00\",\"dateModified\":\"2023-11-12T14:49:13+00:00\",\"breadcrumb\":{\"@id\":\"https:\\\/\\\/oikoumene.be\\\/?p=410&lang=fr#breadcrumb\"},\"inLanguage\":\"nl-BE\",\"potentialAction\":[{\"@type\":\"ReadAction\",\"target\":[\"https:\\\/\\\/oikoumene.be\\\/?p=410&lang=fr\"]}]},{\"@type\":\"ImageObject\",\"inLanguage\":\"nl-BE\",\"@id\":\"https:\\\/\\\/oikoumene.be\\\/?p=410&lang=fr#primaryimage\",\"url\":\"\",\"contentUrl\":\"\"},{\"@type\":\"BreadcrumbList\",\"@id\":\"https:\\\/\\\/oikoumene.be\\\/?p=410&lang=fr#breadcrumb\",\"itemListElement\":[{\"@type\":\"ListItem\",\"position\":1,\"name\":\"Home\",\"item\":\"https:\\\/\\\/oikoumene.be\\\/\"},{\"@type\":\"ListItem\",\"position\":2,\"name\":\"Oecum\u00e9nisme : confusion des langues de Babel ou richesse de l&#8217;\u00e9v\u00e8nement pent\u00e9costal?\"}]},{\"@type\":\"WebSite\",\"@id\":\"https:\\\/\\\/oikoumene.be\\\/#website\",\"url\":\"https:\\\/\\\/oikoumene.be\\\/\",\"name\":\"Oikoumene\",\"description\":\"\",\"publisher\":{\"@id\":\"https:\\\/\\\/oikoumene.be\\\/#organization\"},\"potentialAction\":[{\"@type\":\"SearchAction\",\"target\":{\"@type\":\"EntryPoint\",\"urlTemplate\":\"https:\\\/\\\/oikoumene.be\\\/?s={search_term_string}\"},\"query-input\":{\"@type\":\"PropertyValueSpecification\",\"valueRequired\":true,\"valueName\":\"search_term_string\"}}],\"inLanguage\":\"nl-BE\"},{\"@type\":\"Organization\",\"@id\":\"https:\\\/\\\/oikoumene.be\\\/#organization\",\"name\":\"Oikoumene\",\"url\":\"https:\\\/\\\/oikoumene.be\\\/\",\"logo\":{\"@type\":\"ImageObject\",\"inLanguage\":\"nl-BE\",\"@id\":\"https:\\\/\\\/oikoumene.be\\\/#\\\/schema\\\/logo\\\/image\\\/\",\"url\":\"https:\\\/\\\/oikoumene.be\\\/wp-content\\\/uploads\\\/2023\\\/11\\\/cropped-logo-1.png\",\"contentUrl\":\"https:\\\/\\\/oikoumene.be\\\/wp-content\\\/uploads\\\/2023\\\/11\\\/cropped-logo-1.png\",\"width\":225,\"height\":225,\"caption\":\"Oikoumene\"},\"image\":{\"@id\":\"https:\\\/\\\/oikoumene.be\\\/#\\\/schema\\\/logo\\\/image\\\/\"}},{\"@type\":\"Person\",\"@id\":\"https:\\\/\\\/oikoumene.be\\\/#\\\/schema\\\/person\\\/3ca6cd4ac567064b859b87d69fbd6abc\",\"name\":\"Lieve Truyen\",\"image\":{\"@type\":\"ImageObject\",\"inLanguage\":\"nl-BE\",\"@id\":\"https:\\\/\\\/secure.gravatar.com\\\/avatar\\\/489076b1c0f54d5803ba6a7d8c3d0f7023db7d1c2e9356f99c00817825efde37?s=96&d=mm&r=g\",\"url\":\"https:\\\/\\\/secure.gravatar.com\\\/avatar\\\/489076b1c0f54d5803ba6a7d8c3d0f7023db7d1c2e9356f99c00817825efde37?s=96&d=mm&r=g\",\"contentUrl\":\"https:\\\/\\\/secure.gravatar.com\\\/avatar\\\/489076b1c0f54d5803ba6a7d8c3d0f7023db7d1c2e9356f99c00817825efde37?s=96&d=mm&r=g\",\"caption\":\"Lieve Truyen\"},\"sameAs\":[\"https:\\\/\\\/x.com\\\/admin_oikou\"],\"url\":\"https:\\\/\\\/oikoumene.be\\\/?author=3\"}]}<\/script>\n<!-- \/ Yoast SEO plugin. -->","yoast_head_json":{"title":"Oecum\u00e9nisme : confusion des langues de Babel ou richesse de l'\u00e9v\u00e8nement pent\u00e9costal? - Oikoumene","robots":{"index":"index","follow":"follow","max-snippet":"max-snippet:-1","max-image-preview":"max-image-preview:large","max-video-preview":"max-video-preview:-1"},"canonical":"https:\/\/oikoumene.be\/?p=410&lang=fr","og_locale":"nl_BE","og_type":"article","og_title":"Oecum\u00e9nisme : confusion des langues de Babel ou richesse de l'\u00e9v\u00e8nement pent\u00e9costal? - Oikoumene","og_description":"Samedi 26 novembre 2022 au S\u00e9minaire \u00e9piscopal de Li\u00e8ge Pri\u00e8re de midi \u00e0 la cath\u00e9drale de Li\u00e8ge","og_url":"https:\/\/oikoumene.be\/?p=410&lang=fr","og_site_name":"Oikoumene","article_published_time":"2022-10-13T08:35:55+00:00","article_modified_time":"2023-11-12T14:49:13+00:00","og_image":[{"url":"https:\/\/oikoumene.be\/wp-content\/uploads\/2022\/10\/accueil-du-Vicaire-general-de-Liege-en-labsence-des-episcopes-encore-restes-a-Rome-en-fin-de-visite-ad-limina-26-11-2022-768x1024.jpg","type":"","width":"","height":""}],"author":"Lieve Truyen","twitter_card":"summary_large_image","twitter_creator":"@admin_oikou","twitter_misc":{"Geschreven door":"Lieve Truyen","Geschatte leestijd":"1 minuut"},"schema":{"@context":"https:\/\/schema.org","@graph":[{"@type":"Article","@id":"https:\/\/oikoumene.be\/?p=410&lang=fr#article","isPartOf":{"@id":"https:\/\/oikoumene.be\/?p=410&lang=fr"},"author":{"name":"Lieve Truyen","@id":"https:\/\/oikoumene.be\/#\/schema\/person\/3ca6cd4ac567064b859b87d69fbd6abc"},"headline":"Oecum\u00e9nisme : confusion des langues de Babel ou richesse de l&#8217;\u00e9v\u00e8nement pent\u00e9costal?","datePublished":"2022-10-13T08:35:55+00:00","dateModified":"2023-11-12T14:49:13+00:00","mainEntityOfPage":{"@id":"https:\/\/oikoumene.be\/?p=410&lang=fr"},"wordCount":161,"publisher":{"@id":"https:\/\/oikoumene.be\/#organization"},"image":{"@id":"https:\/\/oikoumene.be\/?p=410&lang=fr#primaryimage"},"thumbnailUrl":"https:\/\/oikoumene.be\/wp-content\/uploads\/2022\/10\/accueil-du-Vicaire-general-de-Liege-en-labsence-des-episcopes-encore-restes-a-Rome-en-fin-de-visite-ad-limina-26-11-2022-768x1024.jpg","articleSection":["26-11-2022 - Li\u00e8ge","Journ\u00e9e d'\u00e9tude et de rencontre"],"inLanguage":"nl-BE"},{"@type":"WebPage","@id":"https:\/\/oikoumene.be\/?p=410&lang=fr","url":"https:\/\/oikoumene.be\/?p=410&lang=fr","name":"Oecum\u00e9nisme : confusion des langues de Babel ou richesse de l'\u00e9v\u00e8nement pent\u00e9costal? - Oikoumene","isPartOf":{"@id":"https:\/\/oikoumene.be\/#website"},"primaryImageOfPage":{"@id":"https:\/\/oikoumene.be\/?p=410&lang=fr#primaryimage"},"image":{"@id":"https:\/\/oikoumene.be\/?p=410&lang=fr#primaryimage"},"thumbnailUrl":"https:\/\/oikoumene.be\/wp-content\/uploads\/2022\/10\/accueil-du-Vicaire-general-de-Liege-en-labsence-des-episcopes-encore-restes-a-Rome-en-fin-de-visite-ad-limina-26-11-2022-768x1024.jpg","datePublished":"2022-10-13T08:35:55+00:00","dateModified":"2023-11-12T14:49:13+00:00","breadcrumb":{"@id":"https:\/\/oikoumene.be\/?p=410&lang=fr#breadcrumb"},"inLanguage":"nl-BE","potentialAction":[{"@type":"ReadAction","target":["https:\/\/oikoumene.be\/?p=410&lang=fr"]}]},{"@type":"ImageObject","inLanguage":"nl-BE","@id":"https:\/\/oikoumene.be\/?p=410&lang=fr#primaryimage","url":"","contentUrl":""},{"@type":"BreadcrumbList","@id":"https:\/\/oikoumene.be\/?p=410&lang=fr#breadcrumb","itemListElement":[{"@type":"ListItem","position":1,"name":"Home","item":"https:\/\/oikoumene.be\/"},{"@type":"ListItem","position":2,"name":"Oecum\u00e9nisme : confusion des langues de Babel ou richesse de l&#8217;\u00e9v\u00e8nement pent\u00e9costal?"}]},{"@type":"WebSite","@id":"https:\/\/oikoumene.be\/#website","url":"https:\/\/oikoumene.be\/","name":"Oikoumene","description":"","publisher":{"@id":"https:\/\/oikoumene.be\/#organization"},"potentialAction":[{"@type":"SearchAction","target":{"@type":"EntryPoint","urlTemplate":"https:\/\/oikoumene.be\/?s={search_term_string}"},"query-input":{"@type":"PropertyValueSpecification","valueRequired":true,"valueName":"search_term_string"}}],"inLanguage":"nl-BE"},{"@type":"Organization","@id":"https:\/\/oikoumene.be\/#organization","name":"Oikoumene","url":"https:\/\/oikoumene.be\/","logo":{"@type":"ImageObject","inLanguage":"nl-BE","@id":"https:\/\/oikoumene.be\/#\/schema\/logo\/image\/","url":"https:\/\/oikoumene.be\/wp-content\/uploads\/2023\/11\/cropped-logo-1.png","contentUrl":"https:\/\/oikoumene.be\/wp-content\/uploads\/2023\/11\/cropped-logo-1.png","width":225,"height":225,"caption":"Oikoumene"},"image":{"@id":"https:\/\/oikoumene.be\/#\/schema\/logo\/image\/"}},{"@type":"Person","@id":"https:\/\/oikoumene.be\/#\/schema\/person\/3ca6cd4ac567064b859b87d69fbd6abc","name":"Lieve Truyen","image":{"@type":"ImageObject","inLanguage":"nl-BE","@id":"https:\/\/secure.gravatar.com\/avatar\/489076b1c0f54d5803ba6a7d8c3d0f7023db7d1c2e9356f99c00817825efde37?s=96&d=mm&r=g","url":"https:\/\/secure.gravatar.com\/avatar\/489076b1c0f54d5803ba6a7d8c3d0f7023db7d1c2e9356f99c00817825efde37?s=96&d=mm&r=g","contentUrl":"https:\/\/secure.gravatar.com\/avatar\/489076b1c0f54d5803ba6a7d8c3d0f7023db7d1c2e9356f99c00817825efde37?s=96&d=mm&r=g","caption":"Lieve Truyen"},"sameAs":["https:\/\/x.com\/admin_oikou"],"url":"https:\/\/oikoumene.be\/?author=3"}]}},"_links":{"self":[{"href":"https:\/\/oikoumene.be\/index.php?rest_route=\/wp\/v2\/posts\/410","targetHints":{"allow":["GET"]}}],"collection":[{"href":"https:\/\/oikoumene.be\/index.php?rest_route=\/wp\/v2\/posts"}],"about":[{"href":"https:\/\/oikoumene.be\/index.php?rest_route=\/wp\/v2\/types\/post"}],"author":[{"embeddable":true,"href":"https:\/\/oikoumene.be\/index.php?rest_route=\/wp\/v2\/users\/3"}],"replies":[{"embeddable":true,"href":"https:\/\/oikoumene.be\/index.php?rest_route=%2Fwp%2Fv2%2Fcomments&post=410"}],"version-history":[{"count":1,"href":"https:\/\/oikoumene.be\/index.php?rest_route=\/wp\/v2\/posts\/410\/revisions"}],"predecessor-version":[{"id":570,"href":"https:\/\/oikoumene.be\/index.php?rest_route=\/wp\/v2\/posts\/410\/revisions\/570"}],"wp:attachment":[{"href":"https:\/\/oikoumene.be\/index.php?rest_route=%2Fwp%2Fv2%2Fmedia&parent=410"}],"wp:term":[{"taxonomy":"category","embeddable":true,"href":"https:\/\/oikoumene.be\/index.php?rest_route=%2Fwp%2Fv2%2Fcategories&post=410"},{"taxonomy":"post_tag","embeddable":true,"href":"https:\/\/oikoumene.be\/index.php?rest_route=%2Fwp%2Fv2%2Ftags&post=410"}],"curies":[{"name":"wp","href":"https:\/\/api.w.org\/{rel}","templated":true}]}}