{"id":715,"date":"2023-12-15T11:08:40","date_gmt":"2023-12-15T11:08:40","guid":{"rendered":"https:\/\/oikoumene.be\/?p=715"},"modified":"2023-12-15T15:32:37","modified_gmt":"2023-12-15T15:32:37","slug":"oikoumene-apercu-p-de-mey","status":"publish","type":"post","link":"https:\/\/oikoumene.be\/?p=715&lang=fr","title":{"rendered":"Guerre et Paix, un d\u00e9fi pour les \u00c9glises chr\u00e9tiennes"},"content":{"rendered":"\n<ol class=\"wp-block-list\">\n<li><strong>Ordre du jour<\/strong><\/li>\n<\/ol>\n\n\n\n<div data-wp-interactive=\"core\/file\" class=\"wp-block-file\"><object data-wp-bind--hidden=\"!state.hasPdfPreview\" hidden class=\"wp-block-file__embed\" data=\"https:\/\/oikoumene.be\/wp-content\/uploads\/2023\/12\/00-20231209-AV-AG-Agenda-6.pdf\" type=\"application\/pdf\" style=\"width:100%;height:600px\" aria-label=\"Insluiting van 00-20231209-AV-AG-Agenda-6.\"><\/object><a id=\"wp-block-file--media-0a3defe3-a484-4851-a087-10743c257c11\" href=\"https:\/\/oikoumene.be\/wp-content\/uploads\/2023\/12\/00-20231209-AV-AG-Agenda-6.pdf\">00-20231209-AV-AG-Agenda-6<\/a><a href=\"https:\/\/oikoumene.be\/wp-content\/uploads\/2023\/12\/00-20231209-AV-AG-Agenda-6.pdf\" class=\"wp-block-file__button wp-element-button\" download aria-describedby=\"wp-block-file--media-0a3defe3-a484-4851-a087-10743c257c11\">Download<\/a><\/div>\n\n\n\n<ul class=\"wp-block-list\">\n<li><strong>2. Aper\u00e7u des principaux \u00e9v\u00e9nements \u0153cum\u00e9niques en 2023 par le Professeur Peter De Mey, pr\u00e9sident<\/strong><\/li>\n<\/ul>\n\n\n\n<div data-wp-interactive=\"core\/file\" class=\"wp-block-file\"><object data-wp-bind--hidden=\"!state.hasPdfPreview\" hidden class=\"wp-block-file__embed\" data=\"https:\/\/oikoumene.be\/wp-content\/uploads\/2023\/12\/01-20231209-Oikoumene-apercu-P.-De-Mey-1.pdf\" type=\"application\/pdf\" style=\"width:100%;height:600px\" aria-label=\"Insluiting van 01-20231209-Oikoumene-apercu-P.-De-Mey-1.\"><\/object><a id=\"wp-block-file--media-d1ada921-de78-4e50-866a-51d6a197ac7f\" href=\"https:\/\/oikoumene.be\/wp-content\/uploads\/2023\/12\/01-20231209-Oikoumene-apercu-P.-De-Mey-1.pdf\">01-20231209-Oikoumene-apercu-P.-De-Mey-1<\/a><a href=\"https:\/\/oikoumene.be\/wp-content\/uploads\/2023\/12\/01-20231209-Oikoumene-apercu-P.-De-Mey-1.pdf\" class=\"wp-block-file__button wp-element-button\" download aria-describedby=\"wp-block-file--media-d1ada921-de78-4e50-866a-51d6a197ac7f\">Download<\/a><\/div>\n\n\n\n<ul class=\"wp-block-list\">\n<li><strong>3. La guerre peut-elle encore \u00eatre qualifi\u00e9e de &#8220;juste&#8221; ? Le pape Fran\u00e7ois aux prises avec la traduction de l&#8217;\u00c9glise sur la violence et de la paix par le Professeur Johan De Tavernier (KU Leuven)<\/strong><\/li>\n<\/ul>\n\n\n\n<div data-wp-interactive=\"core\/file\" class=\"wp-block-file\"><object data-wp-bind--hidden=\"!state.hasPdfPreview\" hidden class=\"wp-block-file__embed\" data=\"https:\/\/oikoumene.be\/wp-content\/uploads\/2023\/12\/11-20231209-Oikoumene-J.-De-Tavernier-expose-principal-1.pdf\" type=\"application\/pdf\" style=\"width:100%;height:600px\" aria-label=\"Insluiting van 11-20231209-Oikoumene-J.-De-Tavernier-expose-principal-1.\"><\/object><a id=\"wp-block-file--media-61ce70ac-9fa2-4cbc-9979-5b70cee882f7\" href=\"https:\/\/oikoumene.be\/wp-content\/uploads\/2023\/12\/11-20231209-Oikoumene-J.-De-Tavernier-expose-principal-1.pdf\">11-20231209-Oikoumene-J.-De-Tavernier-expose-principal-1<\/a><a href=\"https:\/\/oikoumene.be\/wp-content\/uploads\/2023\/12\/11-20231209-Oikoumene-J.-De-Tavernier-expose-principal-1.pdf\" class=\"wp-block-file__button wp-element-button\" download aria-describedby=\"wp-block-file--media-61ce70ac-9fa2-4cbc-9979-5b70cee882f7\">Download<\/a><\/div>\n\n\n\n<ul class=\"wp-block-list\">\n<li><strong>4. La pens\u00e9e orthodoxe sur la guerre et la paix apr\u00e8s f\u00e9vrier 2022 par l\u2019Archipr\u00eatre Hildo Bos<\/strong><\/li>\n<\/ul>\n\n\n\n<div data-wp-interactive=\"core\/file\" class=\"wp-block-file\"><object data-wp-bind--hidden=\"!state.hasPdfPreview\" hidden class=\"wp-block-file__embed\" data=\"https:\/\/oikoumene.be\/wp-content\/uploads\/2023\/12\/12-20231209-Oikoumene-La-pensee-orthodoxe-H.-Bos-2.pdf\" type=\"application\/pdf\" style=\"width:100%;height:600px\" aria-label=\"Insluiting van 12-20231209-Oikoumene-La-pensee-orthodoxe-H.-Bos-2.\"><\/object><a id=\"wp-block-file--media-5919f0c3-b346-4f89-a330-040a55fff65c\" href=\"https:\/\/oikoumene.be\/wp-content\/uploads\/2023\/12\/12-20231209-Oikoumene-La-pensee-orthodoxe-H.-Bos-2.pdf\">12-20231209-Oikoumene-La-pensee-orthodoxe-H.-Bos-2<\/a><a href=\"https:\/\/oikoumene.be\/wp-content\/uploads\/2023\/12\/12-20231209-Oikoumene-La-pensee-orthodoxe-H.-Bos-2.pdf\" class=\"wp-block-file__button wp-element-button\" download aria-describedby=\"wp-block-file--media-5919f0c3-b346-4f89-a330-040a55fff65c\">Download<\/a><\/div>\n\n\n\n<ul class=\"wp-block-list\">\n<li><strong>5. R\u00e9actions mennonites \u00e0 la guerre en Ukraine par Monsieur Neal Blough<\/strong><\/li>\n<\/ul>\n\n\n\n<div data-wp-interactive=\"core\/file\" class=\"wp-block-file\"><object data-wp-bind--hidden=\"!state.hasPdfPreview\" hidden class=\"wp-block-file__embed\" data=\"https:\/\/oikoumene.be\/wp-content\/uploads\/2023\/12\/13-20231209-Oikoumene-contribution-mennonite-N.-Blough-4.pdf\" type=\"application\/pdf\" style=\"width:100%;height:600px\" aria-label=\"Insluiting van 13-20231209-Oikoumene-contribution-mennonite-N.-Blough-4.\"><\/object><a id=\"wp-block-file--media-99bdd240-7884-4003-90f3-ad4394978aba\" href=\"https:\/\/oikoumene.be\/wp-content\/uploads\/2023\/12\/13-20231209-Oikoumene-contribution-mennonite-N.-Blough-4.pdf\">13-20231209-Oikoumene-contribution-mennonite-N.-Blough-4<\/a><a href=\"https:\/\/oikoumene.be\/wp-content\/uploads\/2023\/12\/13-20231209-Oikoumene-contribution-mennonite-N.-Blough-4.pdf\" class=\"wp-block-file__button wp-element-button\" download aria-describedby=\"wp-block-file--media-99bdd240-7884-4003-90f3-ad4394978aba\">Download<\/a><\/div>\n\n\n\n<ul class=\"wp-block-list\">\n<li><strong>6. Conclusion par l\u2019abb\u00e9 Kurt Priem<\/strong><\/li>\n<\/ul>\n\n\n\n<div data-wp-interactive=\"core\/file\" class=\"wp-block-file\"><object data-wp-bind--hidden=\"!state.hasPdfPreview\" hidden class=\"wp-block-file__embed\" data=\"https:\/\/oikoumene.be\/wp-content\/uploads\/2023\/12\/14-Oikoumene-conclusion-K.-Priem-3.pdf\" type=\"application\/pdf\" style=\"width:100%;height:600px\" aria-label=\"Insluiting van 14-Oikoumene-conclusion-K.-Priem-3.\"><\/object><a id=\"wp-block-file--media-a24da80c-702e-4ae7-a668-396f8d75e70c\" href=\"https:\/\/oikoumene.be\/wp-content\/uploads\/2023\/12\/14-Oikoumene-conclusion-K.-Priem-3.pdf\">14-Oikoumene-conclusion-K.-Priem-3<\/a><a href=\"https:\/\/oikoumene.be\/wp-content\/uploads\/2023\/12\/14-Oikoumene-conclusion-K.-Priem-3.pdf\" class=\"wp-block-file__button wp-element-button\" download aria-describedby=\"wp-block-file--media-a24da80c-702e-4ae7-a668-396f8d75e70c\">Download<\/a><\/div>\n","protected":false},"excerpt":{"rendered":"","protected":false},"author":5,"featured_media":0,"comment_status":"closed","ping_status":"closed","sticky":false,"template":"","format":"standard","meta":{"footnotes":""},"categories":[90,73],"tags":[],"class_list":["post-715","post","type-post","status-publish","format-standard","hentry","category-09-12-2023-anvers","category-journee-detude-et-de-rencontre-fr"],"yoast_head":"<!-- This site is optimized with the Yoast SEO plugin v27.4 - https:\/\/yoast.com\/product\/yoast-seo-wordpress\/ -->\n<title>Guerre et Paix, un d\u00e9fi pour les \u00c9glises chr\u00e9tiennes - Oikoumene<\/title>\n<meta name=\"robots\" content=\"index, follow, max-snippet:-1, max-image-preview:large, max-video-preview:-1\" \/>\n<link rel=\"canonical\" href=\"https:\/\/oikoumene.be\/?p=715&lang=fr\" \/>\n<meta property=\"og:locale\" content=\"nl_BE\" \/>\n<meta property=\"og:type\" content=\"article\" \/>\n<meta property=\"og:title\" content=\"Guerre et Paix, un d\u00e9fi pour les \u00c9glises chr\u00e9tiennes - Oikoumene\" \/>\n<meta property=\"og:url\" content=\"https:\/\/oikoumene.be\/?p=715&amp;lang=fr\" \/>\n<meta property=\"og:site_name\" content=\"Oikoumene\" \/>\n<meta property=\"article:published_time\" content=\"2023-12-15T11:08:40+00:00\" \/>\n<meta property=\"article:modified_time\" content=\"2023-12-15T15:32:37+00:00\" \/>\n<meta name=\"author\" content=\"Nicole Hertoghs\" \/>\n<meta name=\"twitter:card\" content=\"summary_large_image\" \/>\n<meta name=\"twitter:creator\" content=\"@admin_oikou\" \/>\n<meta name=\"twitter:label1\" content=\"Geschreven door\" \/>\n\t<meta name=\"twitter:data1\" content=\"Nicole Hertoghs\" \/>\n\t<meta name=\"twitter:label2\" content=\"Geschatte leestijd\" \/>\n\t<meta name=\"twitter:data2\" content=\"1 minuut\" \/>\n<script type=\"application\/ld+json\" class=\"yoast-schema-graph\">{\"@context\":\"https:\\\/\\\/schema.org\",\"@graph\":[{\"@type\":\"Article\",\"@id\":\"https:\\\/\\\/oikoumene.be\\\/?p=715&lang=fr#article\",\"isPartOf\":{\"@id\":\"https:\\\/\\\/oikoumene.be\\\/?p=715&lang=fr\"},\"author\":{\"name\":\"Nicole Hertoghs\",\"@id\":\"https:\\\/\\\/oikoumene.be\\\/#\\\/schema\\\/person\\\/0d167d58f3515d6f418e721ad087f61f\"},\"headline\":\"Guerre et Paix, un d\u00e9fi pour les \u00c9glises chr\u00e9tiennes\",\"datePublished\":\"2023-12-15T11:08:40+00:00\",\"dateModified\":\"2023-12-15T15:32:37+00:00\",\"mainEntityOfPage\":{\"@id\":\"https:\\\/\\\/oikoumene.be\\\/?p=715&lang=fr\"},\"wordCount\":126,\"publisher\":{\"@id\":\"https:\\\/\\\/oikoumene.be\\\/#organization\"},\"articleSection\":[\"09-12-2023 - Anvers\",\"Journ\u00e9e d'\u00e9tude et de rencontre\"],\"inLanguage\":\"nl-BE\"},{\"@type\":\"WebPage\",\"@id\":\"https:\\\/\\\/oikoumene.be\\\/?p=715&lang=fr\",\"url\":\"https:\\\/\\\/oikoumene.be\\\/?p=715&lang=fr\",\"name\":\"Guerre et Paix, un d\u00e9fi pour les \u00c9glises chr\u00e9tiennes - Oikoumene\",\"isPartOf\":{\"@id\":\"https:\\\/\\\/oikoumene.be\\\/#website\"},\"datePublished\":\"2023-12-15T11:08:40+00:00\",\"dateModified\":\"2023-12-15T15:32:37+00:00\",\"breadcrumb\":{\"@id\":\"https:\\\/\\\/oikoumene.be\\\/?p=715&lang=fr#breadcrumb\"},\"inLanguage\":\"nl-BE\",\"potentialAction\":[{\"@type\":\"ReadAction\",\"target\":[\"https:\\\/\\\/oikoumene.be\\\/?p=715&lang=fr\"]}]},{\"@type\":\"BreadcrumbList\",\"@id\":\"https:\\\/\\\/oikoumene.be\\\/?p=715&lang=fr#breadcrumb\",\"itemListElement\":[{\"@type\":\"ListItem\",\"position\":1,\"name\":\"Home\",\"item\":\"https:\\\/\\\/oikoumene.be\\\/\"},{\"@type\":\"ListItem\",\"position\":2,\"name\":\"Guerre et Paix, un d\u00e9fi pour les \u00c9glises chr\u00e9tiennes\"}]},{\"@type\":\"WebSite\",\"@id\":\"https:\\\/\\\/oikoumene.be\\\/#website\",\"url\":\"https:\\\/\\\/oikoumene.be\\\/\",\"name\":\"Oikoumene\",\"description\":\"\",\"publisher\":{\"@id\":\"https:\\\/\\\/oikoumene.be\\\/#organization\"},\"potentialAction\":[{\"@type\":\"SearchAction\",\"target\":{\"@type\":\"EntryPoint\",\"urlTemplate\":\"https:\\\/\\\/oikoumene.be\\\/?s={search_term_string}\"},\"query-input\":{\"@type\":\"PropertyValueSpecification\",\"valueRequired\":true,\"valueName\":\"search_term_string\"}}],\"inLanguage\":\"nl-BE\"},{\"@type\":\"Organization\",\"@id\":\"https:\\\/\\\/oikoumene.be\\\/#organization\",\"name\":\"Oikoumene\",\"url\":\"https:\\\/\\\/oikoumene.be\\\/\",\"logo\":{\"@type\":\"ImageObject\",\"inLanguage\":\"nl-BE\",\"@id\":\"https:\\\/\\\/oikoumene.be\\\/#\\\/schema\\\/logo\\\/image\\\/\",\"url\":\"https:\\\/\\\/oikoumene.be\\\/wp-content\\\/uploads\\\/2023\\\/11\\\/cropped-logo-1.png\",\"contentUrl\":\"https:\\\/\\\/oikoumene.be\\\/wp-content\\\/uploads\\\/2023\\\/11\\\/cropped-logo-1.png\",\"width\":225,\"height\":225,\"caption\":\"Oikoumene\"},\"image\":{\"@id\":\"https:\\\/\\\/oikoumene.be\\\/#\\\/schema\\\/logo\\\/image\\\/\"}},{\"@type\":\"Person\",\"@id\":\"https:\\\/\\\/oikoumene.be\\\/#\\\/schema\\\/person\\\/0d167d58f3515d6f418e721ad087f61f\",\"name\":\"Nicole Hertoghs\",\"image\":{\"@type\":\"ImageObject\",\"inLanguage\":\"nl-BE\",\"@id\":\"https:\\\/\\\/secure.gravatar.com\\\/avatar\\\/a2ced5221b7d403a0d0d5751871fc1d2cf878af2469e72d945d07f73467308ef?s=96&d=mm&r=g\",\"url\":\"https:\\\/\\\/secure.gravatar.com\\\/avatar\\\/a2ced5221b7d403a0d0d5751871fc1d2cf878af2469e72d945d07f73467308ef?s=96&d=mm&r=g\",\"contentUrl\":\"https:\\\/\\\/secure.gravatar.com\\\/avatar\\\/a2ced5221b7d403a0d0d5751871fc1d2cf878af2469e72d945d07f73467308ef?s=96&d=mm&r=g\",\"caption\":\"Nicole Hertoghs\"},\"sameAs\":[\"http:\\\/\\\/oikoumene.be\",\"https:\\\/\\\/x.com\\\/admin_oikou\"],\"url\":\"https:\\\/\\\/oikoumene.be\\\/?author=5\"}]}<\/script>\n<!-- \/ Yoast SEO plugin. -->","yoast_head_json":{"title":"Guerre et Paix, un d\u00e9fi pour les \u00c9glises chr\u00e9tiennes - Oikoumene","robots":{"index":"index","follow":"follow","max-snippet":"max-snippet:-1","max-image-preview":"max-image-preview:large","max-video-preview":"max-video-preview:-1"},"canonical":"https:\/\/oikoumene.be\/?p=715&lang=fr","og_locale":"nl_BE","og_type":"article","og_title":"Guerre et Paix, un d\u00e9fi pour les \u00c9glises chr\u00e9tiennes - Oikoumene","og_url":"https:\/\/oikoumene.be\/?p=715&lang=fr","og_site_name":"Oikoumene","article_published_time":"2023-12-15T11:08:40+00:00","article_modified_time":"2023-12-15T15:32:37+00:00","author":"Nicole Hertoghs","twitter_card":"summary_large_image","twitter_creator":"@admin_oikou","twitter_misc":{"Geschreven door":"Nicole Hertoghs","Geschatte leestijd":"1 minuut"},"schema":{"@context":"https:\/\/schema.org","@graph":[{"@type":"Article","@id":"https:\/\/oikoumene.be\/?p=715&lang=fr#article","isPartOf":{"@id":"https:\/\/oikoumene.be\/?p=715&lang=fr"},"author":{"name":"Nicole Hertoghs","@id":"https:\/\/oikoumene.be\/#\/schema\/person\/0d167d58f3515d6f418e721ad087f61f"},"headline":"Guerre et Paix, un d\u00e9fi pour les \u00c9glises chr\u00e9tiennes","datePublished":"2023-12-15T11:08:40+00:00","dateModified":"2023-12-15T15:32:37+00:00","mainEntityOfPage":{"@id":"https:\/\/oikoumene.be\/?p=715&lang=fr"},"wordCount":126,"publisher":{"@id":"https:\/\/oikoumene.be\/#organization"},"articleSection":["09-12-2023 - Anvers","Journ\u00e9e d'\u00e9tude et de rencontre"],"inLanguage":"nl-BE"},{"@type":"WebPage","@id":"https:\/\/oikoumene.be\/?p=715&lang=fr","url":"https:\/\/oikoumene.be\/?p=715&lang=fr","name":"Guerre et Paix, un d\u00e9fi pour les \u00c9glises chr\u00e9tiennes - Oikoumene","isPartOf":{"@id":"https:\/\/oikoumene.be\/#website"},"datePublished":"2023-12-15T11:08:40+00:00","dateModified":"2023-12-15T15:32:37+00:00","breadcrumb":{"@id":"https:\/\/oikoumene.be\/?p=715&lang=fr#breadcrumb"},"inLanguage":"nl-BE","potentialAction":[{"@type":"ReadAction","target":["https:\/\/oikoumene.be\/?p=715&lang=fr"]}]},{"@type":"BreadcrumbList","@id":"https:\/\/oikoumene.be\/?p=715&lang=fr#breadcrumb","itemListElement":[{"@type":"ListItem","position":1,"name":"Home","item":"https:\/\/oikoumene.be\/"},{"@type":"ListItem","position":2,"name":"Guerre et Paix, un d\u00e9fi pour les \u00c9glises chr\u00e9tiennes"}]},{"@type":"WebSite","@id":"https:\/\/oikoumene.be\/#website","url":"https:\/\/oikoumene.be\/","name":"Oikoumene","description":"","publisher":{"@id":"https:\/\/oikoumene.be\/#organization"},"potentialAction":[{"@type":"SearchAction","target":{"@type":"EntryPoint","urlTemplate":"https:\/\/oikoumene.be\/?s={search_term_string}"},"query-input":{"@type":"PropertyValueSpecification","valueRequired":true,"valueName":"search_term_string"}}],"inLanguage":"nl-BE"},{"@type":"Organization","@id":"https:\/\/oikoumene.be\/#organization","name":"Oikoumene","url":"https:\/\/oikoumene.be\/","logo":{"@type":"ImageObject","inLanguage":"nl-BE","@id":"https:\/\/oikoumene.be\/#\/schema\/logo\/image\/","url":"https:\/\/oikoumene.be\/wp-content\/uploads\/2023\/11\/cropped-logo-1.png","contentUrl":"https:\/\/oikoumene.be\/wp-content\/uploads\/2023\/11\/cropped-logo-1.png","width":225,"height":225,"caption":"Oikoumene"},"image":{"@id":"https:\/\/oikoumene.be\/#\/schema\/logo\/image\/"}},{"@type":"Person","@id":"https:\/\/oikoumene.be\/#\/schema\/person\/0d167d58f3515d6f418e721ad087f61f","name":"Nicole Hertoghs","image":{"@type":"ImageObject","inLanguage":"nl-BE","@id":"https:\/\/secure.gravatar.com\/avatar\/a2ced5221b7d403a0d0d5751871fc1d2cf878af2469e72d945d07f73467308ef?s=96&d=mm&r=g","url":"https:\/\/secure.gravatar.com\/avatar\/a2ced5221b7d403a0d0d5751871fc1d2cf878af2469e72d945d07f73467308ef?s=96&d=mm&r=g","contentUrl":"https:\/\/secure.gravatar.com\/avatar\/a2ced5221b7d403a0d0d5751871fc1d2cf878af2469e72d945d07f73467308ef?s=96&d=mm&r=g","caption":"Nicole Hertoghs"},"sameAs":["http:\/\/oikoumene.be","https:\/\/x.com\/admin_oikou"],"url":"https:\/\/oikoumene.be\/?author=5"}]}},"_links":{"self":[{"href":"https:\/\/oikoumene.be\/index.php?rest_route=\/wp\/v2\/posts\/715","targetHints":{"allow":["GET"]}}],"collection":[{"href":"https:\/\/oikoumene.be\/index.php?rest_route=\/wp\/v2\/posts"}],"about":[{"href":"https:\/\/oikoumene.be\/index.php?rest_route=\/wp\/v2\/types\/post"}],"author":[{"embeddable":true,"href":"https:\/\/oikoumene.be\/index.php?rest_route=\/wp\/v2\/users\/5"}],"replies":[{"embeddable":true,"href":"https:\/\/oikoumene.be\/index.php?rest_route=%2Fwp%2Fv2%2Fcomments&post=715"}],"version-history":[{"count":5,"href":"https:\/\/oikoumene.be\/index.php?rest_route=\/wp\/v2\/posts\/715\/revisions"}],"predecessor-version":[{"id":759,"href":"https:\/\/oikoumene.be\/index.php?rest_route=\/wp\/v2\/posts\/715\/revisions\/759"}],"wp:attachment":[{"href":"https:\/\/oikoumene.be\/index.php?rest_route=%2Fwp%2Fv2%2Fmedia&parent=715"}],"wp:term":[{"taxonomy":"category","embeddable":true,"href":"https:\/\/oikoumene.be\/index.php?rest_route=%2Fwp%2Fv2%2Fcategories&post=715"},{"taxonomy":"post_tag","embeddable":true,"href":"https:\/\/oikoumene.be\/index.php?rest_route=%2Fwp%2Fv2%2Ftags&post=715"}],"curies":[{"name":"wp","href":"https:\/\/api.w.org\/{rel}","templated":true}]}}